{"id":241,"date":"2022-12-22T19:05:50","date_gmt":"2022-12-22T19:05:50","guid":{"rendered":"https:\/\/ska-allueren.de\/?p=241"},"modified":"2025-03-09T07:16:58","modified_gmt":"2025-03-09T07:16:58","slug":"36-jahre-metzgerstrasse-hanau","status":"publish","type":"post","link":"https:\/\/ska-allueren.de\/?p=241","title":{"rendered":"36 Jahre Metzgerstra\u00dfe Hanau"},"content":{"rendered":"\n<p>Nicht nur der langhaarige Mann aus Bethlehem (so munkelt man) feiert die Tage seinen Burzeltag, nein auch die Metzgerstrasse Acht Hanau l\u00e4dt zur Geburtstagssause ein. Zur Feier des Tages spielen wir am Donnerstag, den 29.12.2022 neben Schock G\u00fczel und Kneels zum Tanze auf. Kommt rum, so sch\u00f6n wird es 2022 nicht mehr.<\/p>\n\n\n<div class=\"wp-block-image\">\n<figure class=\"aligncenter size-large\"><img loading=\"lazy\" decoding=\"async\" width=\"678\" height=\"1024\" src=\"https:\/\/ska-allueren.de\/wp-content\/uploads\/2022\/12\/Flyer_Hanau-1-678x1024.jpg\" alt=\"\" class=\"wp-image-245\" srcset=\"https:\/\/ska-allueren.de\/wp-content\/uploads\/2022\/12\/Flyer_Hanau-1-678x1024.jpg 678w, https:\/\/ska-allueren.de\/wp-content\/uploads\/2022\/12\/Flyer_Hanau-1-199x300.jpg 199w, https:\/\/ska-allueren.de\/wp-content\/uploads\/2022\/12\/Flyer_Hanau-1-768x1160.jpg 768w, https:\/\/ska-allueren.de\/wp-content\/uploads\/2022\/12\/Flyer_Hanau-1-1017x1536.jpg 1017w, https:\/\/ska-allueren.de\/wp-content\/uploads\/2022\/12\/Flyer_Hanau-1.jpg 1356w\" sizes=\"auto, (max-width: 678px) 100vw, 678px\" \/><\/figure>\n<\/div>\n    <h3 class=\"gigpress-related-heading\">Konzert:<\/h3>\n\n<ul class=\"gigpress-related-show active\">\n    <li>\n        <span class=\"gigpress-related-label\">Artist:<\/span>\n        <span class=\"gigpress-related-item\">SkaAll\u00fcren<\/span>\n    <\/li>\n\t    <li>\n        <span class=\"gigpress-related-label\">Datum:<\/span>\n        <span class=\"gigpress-related-item\">29.12.22\t\t<\/span>\n    <\/li>\n\t\n    <li>\n        <span class=\"gigpress-related-label\">Location:<\/span>\n        <span class=\"gigpress-show-related\">Metzgerstra\u00dfe 8<\/span>\n    <\/li>\n\n    <li>\n        <span class=\"gigpress-related-label\">Stadt:<\/span>\n        <span class=\"gigpress-related-item\">Hanau\t\t<\/span>\n    <\/li>\n\t\t    <li>\n        <span class=\"gigpress-related-label\">Land:<\/span>\n        <span class=\"gigpress-related-item\">Germany<\/span>\n    <\/li>\n\t        <li>\n            <span class=\"gigpress-related-label\">Eintritt:<\/span>\n            <span class=\"gigpress-related-item\">8-12 \u20ac<\/span>\n        <\/li>\n\t\t\n\t\n\t\n\t\n\t        <li>\n            <span class=\"gigpress-related-label\">Anmerkungen:<\/span>\n            <span class=\"gigpress-related-item\">w\/ Schock G\u00fczel, Kneels<\/span>\n        <\/li>\n\t        <li>\n\t\t\t<a href=\"http:\/\/www.google.com\/calendar\/event?action=TEMPLATE&amp;text=SkaAll%C3%BCren+%2C+Metzgerstra%C3%9Fe+8&amp;dates=20221229\/20221229&amp;sprop=website:https%3A%2F%2Fska-allueren.de&amp;sprop=name:SkaAll%C3%BCren&amp;location=Metzgerstra%C3%9Fe+8%2C+Hanau%2C+DE&amp;details=Kosten%3A+8-12+%E2%82%AC.+Anmerkungen%3A+w%2F+Schock+G%C3%BCzel%2C+Kneels+&amp;trp=true;\">zu Google Kalender hinzuf\u00fcgen<\/a>|<a href=\"https:\/\/ska-allueren.de\/?feed=gigpress-ical&amp;show_id=52\">iCal herunterladen<\/a>        <\/li>\n\t<\/ul><script type=\"application\/ld+json\">[\n    {\n        \"@context\": \"http:\/\/schema.org\",\n        \"@type\": \"Event\",\n        \"name\": \"SkaAll\\u00fcren\",\n        \"startDate\": \"2022-12-29T00:00:01\",\n        \"url\": \"https:\/\/ska-allueren.de\/?p=241\",\n        \"description\": \"w\/ Schock G\\u00fczel, Kneels\",\n        \"performers\": {\n            \"@type\": \"Organization\",\n            \"name\": \"SkaAll\\u00fcren\"\n        },\n        \"location\": {\n            \"@type\": \"Place\",\n            \"name\": \"Metzgerstra\\u00dfe 8\",\n            \"address\": {\n                \"@type\": \"PostalAddress\",\n                \"addressLocality\": \"Hanau\",\n                \"addressCountry\": \"Germany\"\n            }\n        },\n        \"offers\": {\n            \"@type\": \"Offer\",\n            \"price\": \"812\"\n        }\n    }\n]<\/script>","protected":false},"excerpt":{"rendered":"<p>Nicht nur der langhaarige Mann aus Bethlehem (so munkelt man) feiert die Tage seinen Burzeltag, nein auch die Metzgerstrasse Acht Hanau l\u00e4dt zur Geburtstagssause ein. Zur Feier des Tages spielen&#8230;<\/p>\n<div class=\"more-link-wrapper\"><a class=\"more-link\" href=\"https:\/\/ska-allueren.de\/?p=241\">Weiterlesen<span class=\"screen-reader-text\">36 Jahre Metzgerstra\u00dfe Hanau<\/span><\/a><\/div>\n","protected":false},"author":1,"featured_media":0,"comment_status":"closed","ping_status":"closed","sticky":false,"template":"","format":"standard","meta":{"iawp_total_views":0,"footnotes":""},"categories":[7,8],"tags":[],"class_list":["post-241","post","type-post","status-publish","format-standard","hentry","category-konzerte","category-news","entry"],"_links":{"self":[{"href":"https:\/\/ska-allueren.de\/index.php?rest_route=\/wp\/v2\/posts\/241","targetHints":{"allow":["GET"]}}],"collection":[{"href":"https:\/\/ska-allueren.de\/index.php?rest_route=\/wp\/v2\/posts"}],"about":[{"href":"https:\/\/ska-allueren.de\/index.php?rest_route=\/wp\/v2\/types\/post"}],"author":[{"embeddable":true,"href":"https:\/\/ska-allueren.de\/index.php?rest_route=\/wp\/v2\/users\/1"}],"replies":[{"embeddable":true,"href":"https:\/\/ska-allueren.de\/index.php?rest_route=%2Fwp%2Fv2%2Fcomments&post=241"}],"version-history":[{"count":3,"href":"https:\/\/ska-allueren.de\/index.php?rest_route=\/wp\/v2\/posts\/241\/revisions"}],"predecessor-version":[{"id":246,"href":"https:\/\/ska-allueren.de\/index.php?rest_route=\/wp\/v2\/posts\/241\/revisions\/246"}],"wp:attachment":[{"href":"https:\/\/ska-allueren.de\/index.php?rest_route=%2Fwp%2Fv2%2Fmedia&parent=241"}],"wp:term":[{"taxonomy":"category","embeddable":true,"href":"https:\/\/ska-allueren.de\/index.php?rest_route=%2Fwp%2Fv2%2Fcategories&post=241"},{"taxonomy":"post_tag","embeddable":true,"href":"https:\/\/ska-allueren.de\/index.php?rest_route=%2Fwp%2Fv2%2Ftags&post=241"}],"curies":[{"name":"wp","href":"https:\/\/api.w.org\/{rel}","templated":true}]}}